[{"@context":"https:\/\/schema.org\/","@type":"Article","@id":"https:\/\/www.bigcity.cz\/specialni-vybaveni-pro-vas\/#Article","mainEntityOfPage":"https:\/\/www.bigcity.cz\/specialni-vybaveni-pro-vas\/","headline":"Speci\u00e1ln\u00ed vybaven\u00ed pro v\u00e1s","name":"Speci\u00e1ln\u00ed vybaven\u00ed pro v\u00e1s","description":"Ka\u017ed\u00e1 kuchyn\u011b Plze\u0148 je n\u011b\u010d\u00edm specifick\u00e1. A\u0165 je to speci\u00e1ln\u00ed nainstalov\u00e1n\u00ed poli\u010dek \u010di sk\u0159\u00edn\u011bk, dostate\u010dn\u00fd \u00faschovn\u00fd prostor nebo tak\u00e9 m\u00edsto pro elektronick\u00e9 spot\u0159ebi\u010de. Ka\u017ed\u00e1 \u017eena si m\u016f\u017ee vybrat z mnoha model\u016f i design\u016f, kter\u00e9 ji uprav\u00edme p\u0159esn\u011b na m\u00edru dan\u00e9 m\u00edstnosti. K va\u0161emu va\u0159en\u00ed Chod\u00edte neust\u00e1le po obchodech a sh\u00e1n\u00edte takov\u00e9 vybaven\u00ed, kter\u00e9 bude nejv\u00edce sed\u011bt k va\u0161emu va\u0159en\u00ed? Va\u0161e m\u00edstnost je pom\u011brn\u011b mal\u00e1 nebo [&hellip;]","datePublished":"2025-08-28","dateModified":"2025-08-28","author":{"@type":"Person","@id":"https:\/\/www.bigcity.cz\/author\/#Person","name":"","url":"https:\/\/www.bigcity.cz\/author\/","identifier":1,"image":{"@type":"ImageObject","@id":"https:\/\/secure.gravatar.com\/avatar\/091b4d684e9af597ec9885a078917281e353fb1084ff05c94355123dbb14e899?s=96&d=mm&r=g","url":"https:\/\/secure.gravatar.com\/avatar\/091b4d684e9af597ec9885a078917281e353fb1084ff05c94355123dbb14e899?s=96&d=mm&r=g","height":96,"width":96}},"publisher":{"@type":"Organization","name":"bigcity.cz","logo":{"@type":"ImageObject","@id":"\/logo.png","url":"\/logo.png","width":600,"height":60}},"url":"https:\/\/www.bigcity.cz\/specialni-vybaveni-pro-vas\/","wordCount":176,"articleBody":"Ka\u017ed\u00e1 kuchyn\u011b Plze\u0148 je n\u011b\u010d\u00edm specifick\u00e1. A\u0165 je to speci\u00e1ln\u00ed nainstalov\u00e1n\u00ed poli\u010dek \u010di sk\u0159\u00edn\u011bk, dostate\u010dn\u00fd \u00faschovn\u00fd prostor nebo tak\u00e9 m\u00edsto pro elektronick\u00e9 spot\u0159ebi\u010de. Ka\u017ed\u00e1 \u017eena si m\u016f\u017ee vybrat z mnoha model\u016f i design\u016f, kter\u00e9 ji uprav\u00edme p\u0159esn\u011b na m\u00edru dan\u00e9 m\u00edstnosti. K va\u0161emu va\u0159en\u00ed Chod\u00edte neust\u00e1le po obchodech a sh\u00e1n\u00edte takov\u00e9 vybaven\u00ed, kter\u00e9 bude nejv\u00edce sed\u011bt k va\u0161emu va\u0159en\u00ed? Va\u0161e m\u00edstnost je pom\u011brn\u011b mal\u00e1 nebo m\u00e1 jinak specifick\u00fd tvar a pro v\u00e1s je slo\u017eit\u00e9 n\u011bco naj\u00edt? Pak v\u00e1m porad\u00edme m\u00edsto, kde se\u017eenete v\u0161e, co pot\u0159ebujete. Toto m\u00edsto s kuchyn\u011bmi Plze\u0148 bude pro v\u00e1s r\u00e1jem, nebo\u0165 najednou se v\u00e1m otev\u0159e tolik mo\u017enost\u00ed, jak si nechat toto m\u00edsto vybavit, \u017ee najednou nebudete v\u011bd\u011bt, co si zvolit. Vsa\u010fte si na kvalitu a investujte do modern\u00edho za\u0159\u00edzen\u00ed.                                                                                                                                                                                                                                                                                                                                                                                                "},{"@context":"https:\/\/schema.org\/","@type":"BreadcrumbList","itemListElement":[{"@type":"ListItem","position":1,"name":"Speci\u00e1ln\u00ed vybaven\u00ed pro v\u00e1s","item":"https:\/\/www.bigcity.cz\/specialni-vybaveni-pro-vas\/#breadcrumbitem"}]}]