[{"@context":"https:\/\/schema.org\/","@type":"Article","@id":"https:\/\/www.bigcity.cz\/teplo-sucho-a-nedostatek-vody\/#Article","mainEntityOfPage":"https:\/\/www.bigcity.cz\/teplo-sucho-a-nedostatek-vody\/","headline":"Teplo, sucho a nedostatek vody","name":"Teplo, sucho a nedostatek vody","description":"Posledn\u00edch p\u00e1r let se cel\u00fd sv\u011bt a dokonce i na\u0161e republika, pot\u00fdk\u00e1 s vysok\u00fdmi teplotami, kter\u00e9 v\u016fbec neodpov\u00eddaj\u00ed m\u00edrn\u00e9mu podnebn\u00e9mu p\u00e1su, v kter\u00e9m le\u017e\u00ed. V\u011bt\u0161ina z n\u00e1s se na l\u00e9to t\u011b\u0161\u00ed, je s n\u00edm spojeno volno, koup\u00e1n\u00ed a dovolen\u00e9. V zam\u011bstn\u00e1n\u00ed i doma n\u00e1s od velk\u00fdch veder dok\u00e1\u017ee uchr\u00e1nit klimatizace, tak\u017ee si ani nemus\u00edme uv\u011bdomovat, jakou s\u00edlu m\u00e1 slunce a \u017ee teploty jsou skoro po\u0159\u00e1d [&hellip;]","datePublished":"2019-04-02","dateModified":"2023-05-01","author":{"@type":"Person","@id":"https:\/\/www.bigcity.cz\/author\/#Person","name":"","url":"https:\/\/www.bigcity.cz\/author\/","identifier":1,"image":{"@type":"ImageObject","@id":"https:\/\/secure.gravatar.com\/avatar\/091b4d684e9af597ec9885a078917281e353fb1084ff05c94355123dbb14e899?s=96&d=mm&r=g","url":"https:\/\/secure.gravatar.com\/avatar\/091b4d684e9af597ec9885a078917281e353fb1084ff05c94355123dbb14e899?s=96&d=mm&r=g","height":96,"width":96}},"publisher":{"@type":"Organization","name":"bigcity.cz","logo":{"@type":"ImageObject","@id":"\/logo.png","url":"\/logo.png","width":600,"height":60}},"image":{"@type":"ImageObject","@id":"https:\/\/www.bigcity.cz\/wp-content\/uploads\/img_a343599_w2505_t1556552281.jpg","url":"https:\/\/www.bigcity.cz\/wp-content\/uploads\/img_a343599_w2505_t1556552281.jpg","height":0,"width":0},"url":"https:\/\/www.bigcity.cz\/teplo-sucho-a-nedostatek-vody\/","about":["\u017divotn\u00ed styl"],"wordCount":427,"articleBody":"Posledn\u00edch p\u00e1r let se cel\u00fd sv\u011bt a dokonce i na\u0161e republika, pot\u00fdk\u00e1 s vysok\u00fdmi teplotami, kter\u00e9 v\u016fbec neodpov\u00eddaj\u00ed m\u00edrn\u00e9mu podnebn\u00e9mu p\u00e1su, v kter\u00e9m le\u017e\u00ed. V\u011bt\u0161ina z n\u00e1s se na l\u00e9to t\u011b\u0161\u00ed, je s n\u00edm spojeno volno, koup\u00e1n\u00ed a dovolen\u00e9. V zam\u011bstn\u00e1n\u00ed i doma n\u00e1s od velk\u00fdch veder dok\u00e1\u017ee uchr\u00e1nit klimatizace, tak\u017ee si ani nemus\u00edme uv\u011bdomovat, jakou s\u00edlu m\u00e1 slunce a \u017ee teploty jsou skoro po\u0159\u00e1d nadpr\u016fm\u011brn\u00e9. My jsme probl\u00e9m s horkem vy\u0159e\u0161ili, ale co p\u0159\u00edroda, jen\u017e trp\u00ed ohromn\u00fdm suchem. Klimatick\u00e9 zm\u011bny pak znamenaj\u00ed to nejhor\u0161\u00ed \u2013 nedostatek vody.\t\u00a0\tPR\u0160\u00cd PO\u0158\u00c1D M\u00c9N\u011a\tMo\u017en\u00e1 se v\u00e1m zd\u00e1, \u017ee n\u011bkdy pr\u0161\u00ed a\u017e moc. D\u00e9\u0161\u0165 m\u00e1 v\u0161ak charakter sp\u00ed\u0161e p\u0159\u00edvalov\u00fdch de\u0161\u0165\u016f, kter\u00e9 p\u0159in\u00e1\u0161\u00ed jen sam\u00e9 komplikace v podob\u011b z\u00e1plav, po\u0161kozen\u00fdch dom\u016f i zni\u010den\u00e9 p\u0159\u00edrody. Voda se v\u0161ak nesta\u010d\u00ed vs\u00e1knout do zem\u011b, a tak j\u00ed celkov\u011b ub\u00fdv\u00e1. Nav\u00edc vlivem horka se rychle vypa\u0159uje. St\u00e1le \u010dast\u011bji tak vid\u00edme vyprahlou a popraskanou zemi, vyschl\u00e9 rybn\u00edky a koryta v les\u00edch. Extr\u00e9mn\u00ed sucho a nedostatek trvalej\u0161\u00edch sr\u00e1\u017eek devastuje celou krajinu a postihuje st\u00e1le v\u00edce oblast\u00ed v cel\u00e9m sv\u011bt\u011b. V n\u00ed\u017ein\u00e1ch u\u017e nesta\u010d\u00ed ani sn\u00edh, st\u00e9kaj\u00edc\u00ed z hor. Je nutn\u00e9 stav\u011bt n\u00e1dr\u017ee na de\u0161\u0165ovou vodu, abychom v\u016fbec m\u011bli \u010d\u00edm zal\u00e9vat. Vysok\u00e9 teploty a sucho p\u016fsob\u00ed pak obrovsk\u00e9 \u0161kody hlavn\u011b v zem\u011bd\u011blstv\u00ed, a to m\u016f\u017ee b\u00fdt pro lidstvo zni\u010duj\u00edc\u00ed.\t\u00a0\tZ\u00c1SOBY VODY UB\u00ddVAJ\u00cd\t\u0160et\u0159it vodou po\u0159\u00e1d je\u0161t\u011b m\u00e1lokoho z n\u00e1s napadne. P\u0159itom pitn\u00e1 voda se pomalu, ale jist\u011b st\u00e1v\u00e1 luxusem. Jej\u00ed cena se neust\u00e1le zvy\u0161uje a u\u017e za p\u00e1r let n\u00e1m hroz\u00ed, \u017ee s jej\u00edm nedostatkem budeme v\u00e1\u017en\u011b bojovat. Ve sv\u011bt\u011b ji\u017e mili\u00f3ny obyvatel um\u00edraj\u00ed kv\u016fli tomu, \u017ee mus\u00ed p\u00edt vodu zne\u010di\u0161t\u011bnou.\tUr\u010dit\u011b nen\u00ed p\u0159emr\u0161t\u011bn\u00e9, kdy\u017e \u0159ekneme, \u017ee u\u017e nyn\u00ed je voda nad zlato. Po\u0159\u00e1d je\u0161t\u011b si to nep\u0159ipou\u0161t\u00edme, proto\u017ee p\u0159ijdeme dom\u016f, oto\u010d\u00edme kohoutkem a m\u00e1me j\u00ed, kolik chceme. Jen\u017ee chronick\u00fd nedostatek \u010dist\u00e9 pitn\u00e9 vody zanedlouho ovlivn\u00ed \u017eivoty n\u00e1s v\u0161ech.                                                                                                                                                                                                                                                                                                                                                                                        4.5\/5 - (8 votes)        "},{"@context":"https:\/\/schema.org\/","@type":"BreadcrumbList","itemListElement":[{"@type":"ListItem","position":1,"name":"Teplo, sucho a nedostatek vody","item":"https:\/\/www.bigcity.cz\/teplo-sucho-a-nedostatek-vody\/#breadcrumbitem"}]}]